{"id":1,"date":"2015-05-01T11:59:22","date_gmt":"2015-05-01T09:59:22","guid":{"rendered":"http:\/\/ecgm.fr\/?p=1"},"modified":"2016-09-22T11:54:06","modified_gmt":"2016-09-22T09:54:06","slug":"michelvergnault","status":"publish","type":"post","link":"https:\/\/ecgm.fr\/index.php\/2015\/05\/01\/michelvergnault\/","title":{"rendered":"Michel Vergnault"},"content":{"rendered":"<p class=\"standardtext\">Clarinettiste, <img decoding=\"async\" loading=\"lazy\" class=\"size-full wp-image-16 alignleft\" src=\"https:\/\/ecgm.fr\/wp-content\/uploads\/2016\/09\/Michel-Vergnault.jpg\" alt=\"michel-vergnault\" width=\"215\" height=\"194\" \/>compositeur (\u00e9l\u00e8ve de DANIEL-LESUR) et auteur d&rsquo;ouvrages p\u00e9dagogiques, il se consacre surtout \u00e0 la p\u00e9dagogie musicale.<\/p>\n<p class=\"standardtext\">Professeur certifi\u00e9, en 1953 il est nomm\u00e9 \u00e0 Cachan o\u00f9 en 1966 le Maire, Mr Jacques CARAT, lui propose de fonder le <b>Conservatoire Municipal<\/b> de Cachan devenu depuis <b>Ecole Nati<\/b><b>onale<\/b>.<\/p>\n<p class=\"standardtext\">En 1969, il participe \u00e0 la cr\u00e9ation de l&rsquo;<b>Union des Conservatoires du Val de Marne<\/b> dont il est \u00e9lu tr\u00e9sorier, puis secr\u00e9taire-g\u00e9n\u00e9ral. En 1976, le Pr\u00e9fet le nomme inspecteur D\u00e9partemental des Conservatoires Municipaux de Musique.<\/p>\n<p class=\"standardtext\">Avec Mr G\u00e9vaudan (92), H. C. Fantapi\u00e9 (93) et G. Lecomte (91), il fonde la<b> FNUCMU<\/b> (F\u00e9d\u00e9ration Nationale des Conservatoires et Ecoles de Musique) dont il est Vice-Pr\u00e9sident. La m\u00eame ann\u00e9e, il participe \u00e0 la fondation de l&rsquo;<b>Union Europ\u00e9enne des Ecoles de Musique<\/b>, puis quinze ans plus tard \u00e0 celle de l&rsquo;Union R\u00e9gionale d&rsquo;Ile de France.<\/p>\n<p class=\"standardtext\">Enfin en 1988, il cr\u00e9e le <b>Centre de Recherche et de Formation \u00e0 la P\u00e9dagogie Musicale du Val de Marne<\/b>. En 1980, il cr\u00e9e l&rsquo;Ensemble Choral Georges Migot, \u00e0 partir d&rsquo;une chorale d&rsquo;adultes qu&rsquo;il avait lui m\u00eame initialis\u00e9e quelques ann\u00e9es plus t\u00f4t au sein du Conservatoire de Cachan. Il prendra soin de jumeler d\u00e8s l&rsquo;origine cette chorale avec le Frauenchor de Sickte (Basse Saxe), et la dirigera jusqu&rsquo;en juin 2000.<\/p>\n<p><span style=\"border-radius: 2px; text-indent: 20px; width: auto; padding: 0px 4px 0px 0px; text-align: center; font: bold 11px\/20px 'Helvetica Neue',Helvetica,sans-serif; color: #ffffff; background: #bd081c no-repeat scroll 3px 50% \/ 14px 14px; position: absolute; opacity: 1; z-index: 8675309; display: none; cursor: pointer;\">Enregistrer<\/span><\/p>\n<p><span style=\"border-radius: 2px; text-indent: 20px; width: auto; padding: 0px 4px 0px 0px; text-align: center; font: bold 11px\/20px 'Helvetica Neue',Helvetica,sans-serif; color: #ffffff; background: #bd081c no-repeat scroll 3px 50% \/ 14px 14px; position: absolute; opacity: 1; z-index: 8675309; display: none; cursor: pointer;\">Enregistrer<\/span><\/p>\n<p><span style=\"border-radius: 2px; text-indent: 20px; width: auto; padding: 0px 4px 0px 0px; text-align: center; font: bold 11px\/20px 'Helvetica Neue',Helvetica,sans-serif; color: #ffffff; background: #bd081c  no-repeat scroll 3px 50% \/ 14px 14px; position: absolute; opacity: 1; z-index: 8675309; display: none; cursor: pointer;\">Enregistrer<\/span><\/p>\n","protected":false},"excerpt":{"rendered":"<p>Clarinettiste, compositeur (\u00e9l\u00e8ve de DANIEL-LESUR) et auteur d&rsquo;ouvrages p\u00e9dagogiques, il se consacre surtout \u00e0 la p\u00e9dagogie musicale. Professeur certifi\u00e9, en 1953 il est nomm\u00e9 \u00e0 Cachan o\u00f9 en 1966 le Maire, Mr Jacques CARAT, lui propose de fonder le Conservatoire &hellip; <a href=\"https:\/\/ecgm.fr\/index.php\/2015\/05\/01\/michelvergnault\/\">Continuer la lecture <span class=\"meta-nav\">&rarr;<\/span><\/a><\/p>\n","protected":false},"author":1,"featured_media":0,"comment_status":"open","ping_status":"open","sticky":false,"template":"","format":"standard","meta":[],"categories":[5],"tags":[],"_links":{"self":[{"href":"https:\/\/ecgm.fr\/index.php\/wp-json\/wp\/v2\/posts\/1"}],"collection":[{"href":"https:\/\/ecgm.fr\/index.php\/wp-json\/wp\/v2\/posts"}],"about":[{"href":"https:\/\/ecgm.fr\/index.php\/wp-json\/wp\/v2\/types\/post"}],"author":[{"embeddable":true,"href":"https:\/\/ecgm.fr\/index.php\/wp-json\/wp\/v2\/users\/1"}],"replies":[{"embeddable":true,"href":"https:\/\/ecgm.fr\/index.php\/wp-json\/wp\/v2\/comments?post=1"}],"version-history":[{"count":4,"href":"https:\/\/ecgm.fr\/index.php\/wp-json\/wp\/v2\/posts\/1\/revisions"}],"predecessor-version":[{"id":106,"href":"https:\/\/ecgm.fr\/index.php\/wp-json\/wp\/v2\/posts\/1\/revisions\/106"}],"wp:attachment":[{"href":"https:\/\/ecgm.fr\/index.php\/wp-json\/wp\/v2\/media?parent=1"}],"wp:term":[{"taxonomy":"category","embeddable":true,"href":"https:\/\/ecgm.fr\/index.php\/wp-json\/wp\/v2\/categories?post=1"},{"taxonomy":"post_tag","embeddable":true,"href":"https:\/\/ecgm.fr\/index.php\/wp-json\/wp\/v2\/tags?post=1"}],"curies":[{"name":"wp","href":"https:\/\/api.w.org\/{rel}","templated":true}]}}