{"id":254,"date":"2016-01-04T09:18:10","date_gmt":"2016-01-04T08:18:10","guid":{"rendered":"http:\/\/ecgm.fr\/?p=254"},"modified":"2017-01-04T09:36:25","modified_gmt":"2017-01-04T08:36:25","slug":"francoise-pech","status":"publish","type":"post","link":"https:\/\/ecgm.fr\/index.php\/2016\/01\/04\/francoise-pech\/","title":{"rendered":"Fran\u00e7oise PECH"},"content":{"rendered":"<p><img decoding=\"async\" loading=\"lazy\" class=\"size-full alignleft\" src=\"http:\/\/www.choeuracontretemps.fr\/wp-content\/uploads\/sites\/171\/2015\/06\/Francoise-300x252.jpg\" width=\"300\" height=\"252\" \/>Titulaire du dipl\u00f4me universitaire d\u2019\u00e9tudes approfondies en musicologie, Fran\u00e7oise Pech\u00a0\u00a0\u00a0\u00a0\u00a0\u00a0\u00a0 \u00a0s \u2018est form\u00e9e \u00e0 la direction de choeur aupr\u00e8s de <a href=\"http:\/\/www.larousse.fr\/encyclopedie\/musdico\/Caillat\/166542\">St\u00e9phane Caillat<\/a> et <a href=\"https:\/\/fr.wikipedia.org\/wiki\/Philippe_Caillard\">Philippe Caillard<\/a>. A la <a href=\"http:\/\/schola-cantorum.com\/index.php\/fr\/\">Schola Cantorum de Paris<\/a>, elle obtient des r\u00e9compenses en classes d\u2019\u00e9criture, analyse et histoire de la musique. El\u00e8ve de la classe d\u2019orgue de <a href=\"https:\/\/fr.wikipedia.org\/wiki\/Jean_Bonfils_(musicien)\">Jean Bonfils<\/a> et de <a href=\"https:\/\/fr.wikipedia.org\/wiki\/Jean_Langlais\">Jean Langlais<\/a>, elle termine son cursus instrumental en 1976 aupr\u00e8s d\u2019<a href=\"https:\/\/fr.wikipedia.org\/wiki\/Andr%C3%A9_Fleury\">Andr\u00e9 Fleury<\/a>, auquel elle consacre son sujet de ma\u00eetrise en proposant une analyse d\u00e9taill\u00e9e de ses oeuvres et de sa carri\u00e8re d\u2019organiste \u00e0 l\u2019\u00e9glise Saint-Eustache. T\u00e9moignage incontournable de la vie artistique de la fin du XX\u00e8me si\u00e8cle, ce travail sera publi\u00e9 dans la \u00ab revue de l\u2019Orgue \u00bb. Fran\u00e7oise Pech est vice-pr\u00e9sidente de l\u2019 \u00ab <a href=\"http:\/\/www.andrefleury.fr\/9.html\">association Andr\u00e9 Fleury<\/a> \u00bb.<\/p>\n<p>Parall\u00e8lement \u00e0 ses activit\u00e9s musicales professionnelles, elle se consacre \u00e0 l\u2019\u00e9panouissement du chant choral. Tr\u00e8s impliqu\u00e9e dans la direction de choeurs, elle est \u00e0 l\u2019origine de plusieurs ensembles. En 1972, elle fonde \u00e0 Paris l\u2019ensemble vocal Schola Nova, compos\u00e9 d\u2019\u00e9tudiants de l\u2019universit\u00e9 de la Sorbonne, qui se consacre plus particuli\u00e8rement au r\u00e9pertoire de la musique fran\u00e7aise du d\u00e9but du XX\u00e8me si\u00e8cle. En 1978, elle prend la direction de la chorale A Coeur Joie \u00ab la Cavatine \u00bb de Sainte-Genevi\u00e8ve-des-Bois, en Essonne, cr\u00e9e en 1982 le choeur \u00ab <a href=\"http:\/\/www.choeuracontretemps.fr\/\">A Contretemps<\/a> \u00bb actuellement bas\u00e9 \u00e0 Draveil, puis en 2006 l\u2019ensemble vocal \u00ab Tempus \u00bb.<\/p>\n<p>Directrice du conservatoire de Draveil puis de celui d\u2019Orly avant d\u2019\u00eatre\u00a0 directrice des affaires culturelles de la <a href=\"https:\/\/www.mairie-orly.fr\/\">ville d\u2019Orly<\/a>, elle fonde un festival de chant choral \u00ab Orly chante \u00bb et assure la direction artistique des \u00ab concerts de Saint-Germain \u00bb.<\/p>\n<p>Membre du conseil d\u2019administration de la <a href=\"http:\/\/www.societefrancaisedeschefsdechoeur.org\/\">SFCC \u2013 Soci\u00e9t\u00e9 Fran\u00e7aise des Chefs de Ch\u0153urs<\/a> \u2013 elle est administratrice et conseill\u00e8re artistique de l\u2019association \u00ab\u00a0 <a href=\"https:\/\/lalocomotivedesarts.com\/\">La Locomotive des Arts<\/a>\u00a0\u00bb dont les objectifs sont orient\u00e9s vers l\u2019accompagnement et la production de jeunes talents musicaux nationaux.<\/p>\n<p>S\u00e9duite par des projets originaux, elle n\u2019h\u00e9site pas \u00e0 r\u00e9pondre aux invitations du choeur de Guadeloupe \u00e0 Pointe-\u00e0-Pitre, aux projets d\u2019oratorios \u00e0 Paris-Bercy ou au Palais des congr\u00e8s de Paris. Le travail en collaboration avec diff\u00e9rents orchestres, dont l\u2019orchestre I Strumenti ou l\u2019<a href=\"http:\/\/www.jean-thorel.com\/stringendo.html\">Ensemble orchestral Stringendo<\/a>, lui permet de se confronter \u00e0 un r\u00e9pertoire contemporain avec des oeuvres de R\u00e9gis Campo, Thierry Escaich, E.Rautavaara ou Raoul Lay.<\/p>\n<p>Son r\u00e9pertoire de pr\u00e9dilection reste la musique sacr\u00e9e du XVI\u00e8me au XXI\u00e8me si\u00e8cle, qu\u2019elle aborde avec la m\u00eame exigence au sein du <a href=\"http:\/\/www.choeuracontretemps.fr\/\">choeur A Contretemps<\/a>, de l\u2019ensemble vocal Tempus ou en partenariat avec diff\u00e9rents choeurs d\u2019\u00cele-de-France.<\/p>\n<p>Depuis novembre 2016 elle a repris la direction de l\u2019ensemble choral Charles Migot \u00e0 Cachan.<\/p>\n<p>&nbsp;<\/p>\n<p><span style=\"border-radius: 2px; text-indent: 20px; width: auto; padding: 0px 4px 0px 0px; text-align: center; font: bold 11px\/20px 'Helvetica Neue',Helvetica,sans-serif; color: #ffffff; background: #bd081c  no-repeat scroll 3px 50% \/ 14px 14px; position: absolute; opacity: 1; z-index: 8675309; display: none; cursor: pointer;\">Enregistrer<\/span><\/p>\n","protected":false},"excerpt":{"rendered":"<p>Titulaire du dipl\u00f4me universitaire d\u2019\u00e9tudes approfondies en musicologie, Fran\u00e7oise Pech\u00a0\u00a0\u00a0\u00a0\u00a0\u00a0\u00a0 \u00a0s \u2018est form\u00e9e \u00e0 la direction de choeur aupr\u00e8s de St\u00e9phane Caillat et Philippe Caillard. A la Schola Cantorum de Paris, elle obtient des r\u00e9compenses en classes d\u2019\u00e9criture, analyse et &hellip; <a href=\"https:\/\/ecgm.fr\/index.php\/2016\/01\/04\/francoise-pech\/\">Continuer la lecture <span class=\"meta-nav\">&rarr;<\/span><\/a><\/p>\n","protected":false},"author":1,"featured_media":0,"comment_status":"open","ping_status":"open","sticky":false,"template":"","format":"standard","meta":[],"categories":[5],"tags":[],"_links":{"self":[{"href":"https:\/\/ecgm.fr\/index.php\/wp-json\/wp\/v2\/posts\/254"}],"collection":[{"href":"https:\/\/ecgm.fr\/index.php\/wp-json\/wp\/v2\/posts"}],"about":[{"href":"https:\/\/ecgm.fr\/index.php\/wp-json\/wp\/v2\/types\/post"}],"author":[{"embeddable":true,"href":"https:\/\/ecgm.fr\/index.php\/wp-json\/wp\/v2\/users\/1"}],"replies":[{"embeddable":true,"href":"https:\/\/ecgm.fr\/index.php\/wp-json\/wp\/v2\/comments?post=254"}],"version-history":[{"count":5,"href":"https:\/\/ecgm.fr\/index.php\/wp-json\/wp\/v2\/posts\/254\/revisions"}],"predecessor-version":[{"id":259,"href":"https:\/\/ecgm.fr\/index.php\/wp-json\/wp\/v2\/posts\/254\/revisions\/259"}],"wp:attachment":[{"href":"https:\/\/ecgm.fr\/index.php\/wp-json\/wp\/v2\/media?parent=254"}],"wp:term":[{"taxonomy":"category","embeddable":true,"href":"https:\/\/ecgm.fr\/index.php\/wp-json\/wp\/v2\/categories?post=254"},{"taxonomy":"post_tag","embeddable":true,"href":"https:\/\/ecgm.fr\/index.php\/wp-json\/wp\/v2\/tags?post=254"}],"curies":[{"name":"wp","href":"https:\/\/api.w.org\/{rel}","templated":true}]}}