{"id":29,"date":"2015-06-16T16:51:59","date_gmt":"2015-06-16T14:51:59","guid":{"rendered":"http:\/\/ecgm.fr\/?p=29"},"modified":"2016-09-22T11:53:25","modified_gmt":"2016-09-22T09:53:25","slug":"mauro-fantin","status":"publish","type":"post","link":"https:\/\/ecgm.fr\/index.php\/2015\/06\/16\/mauro-fantin\/","title":{"rendered":"Mauro Fantin"},"content":{"rendered":"<p class=\"standardtext\">N\u00e9 \u00e0 Buenos Aires en Arge<a href=\"http:\/\/www.martalambertini.com\/\"><img decoding=\"async\" loading=\"lazy\" class=\"size-medium wp-image-30 alignleft\" src=\"https:\/\/ecgm.fr\/wp-content\/uploads\/2016\/09\/MauroFantin-300x256.jpg\" alt=\"maurofantin\" width=\"300\" height=\"256\" srcset=\"https:\/\/ecgm.fr\/wp-content\/uploads\/2016\/09\/MauroFantin-300x256.jpg 300w, https:\/\/ecgm.fr\/wp-content\/uploads\/2016\/09\/MauroFantin.jpg 326w\" sizes=\"(max-width: 300px) 100vw, 300px\" \/><\/a>ntine, Mauro Fantin a \u00e9t\u00e9 form\u00e9 en Composition et Direction de ch\u0153ur \u00e0 l&rsquo;<a href=\"http:\/\/en.wikipedia.org\/wiki\/Pontifical_Catholic_University_of_Argentina\">Universit\u00e9 Catholique d&rsquo;Argentine<\/a>, dont il a re\u00e7u le Dipl\u00f4me d&rsquo;honneur de chef d&rsquo;orchestre en 2006.<\/p>\n<p class=\"standardtext\">Il a \u00e9tudi\u00e9 avec <a href=\"http:\/\/www.martalambertini.com\/\">Marta Lambertini<\/a>, <a href=\"http:\/\/amusindias.free.fr\/es\/directores\/nandrenacci.php3\">N\u00e9stor Andrenacci<\/a> et <a href=\"http:\/\/www.uca.edu.ar\/index.php\/site\/index\/es\/universidad\/facultades\/buenos-aires\/artes-cs-musicales\/nuestra-facultad\/autoridades\/scarabino--guillermo\/\">Guillermo Scarabino<\/a>, et a fait plusieurs stages de direction de ch\u0153urs avec <a href=\"http:\/\/www.avemariasongs.org\/wiki\/index.php\/Alberto_Balzanelli\">Alberto Balzanelli<\/a>, <a href=\"http:\/\/www.melanges.fr\/ariel_alonso.php?PHPSESSID=ad6ed7b69ec92aabb127ef4fbff68f49\">Ariel Alonso<\/a> et <a href=\"http:\/\/www.antoniomariarusso.com.ar\/index0.htm\">Antonio Russo<\/a> (Arg), et <a href=\"http:\/\/www.banchieri.hu\/promuseng.htm#sabo\">D\u00e9nes Szab\u00f3<\/a> (Hongrie).<\/p>\n<p class=\"standardtext\">En France, il a obtenu un Master Recherche en Direction de Ch\u0153ur \u00e0 l&rsquo;<a href=\"http:\/\/www.paris-sorbonne.fr\/\">Universit\u00e9 Paris Sorbonne<\/a> en 2009, en se sp\u00e9cialisant dans le <a href=\"http:\/\/www.larousse.fr\/encyclopedie\/musdico\/ensalada\/167465\">genre polyphonique des Ensaladas<\/a>. Il a suivi des cours de Direction avec <a href=\"http:\/\/www.livemusiccompany.com\/index.php?option=com_content&amp;view=article&amp;id=417%3Arouger-denis&amp;lang=fr\">Denis Rouger<\/a> et <a href=\"http:\/\/www.melanges.fr\/ariel_alonso.php?PHPSESSID=ad6ed7b69ec92aabb127ef4fbff68f49\">Ariel Alonso<\/a> au Conservatoire de Cr\u00e9teil.<\/p>\n<p class=\"standardtext\">En tant que chanteur, Mauro Fantin a fait parti de nombreux groupes en Argentine, en abordant un r\u00e9pertoire tr\u00e8s large qui va de la musique ancienne \u00e0 la musique de nos jours, en passant par les grandes \u0153uvres du r\u00e9pertoire universel comme la Messe en Si et les Cantates de Bach, le Gloria et le Magnificat de Vivaldi, Isra\u00ebl en Egypte de Haendel, les Requiem de Victoria, Mozart, Brahms et Faur\u00e9, la messe en Sol de Poulenc, et le Carmina Burana d&rsquo;Orff.<\/p>\n<p class=\"standardtext\">Il a fond\u00e9 et dirig\u00e9 deux chorales d&rsquo;enfants et deux chorales d&rsquo;adultes \u00e0 Buenos Aires, avec lesquelles il a abord\u00e9 aussi bien le r\u00e9pertoire classique que populaire ; il a exerc\u00e9 comme professeur de musique et de chant choral dans diff\u00e9rentes \u00e9coles en Argentine et en France. Depuis 2008 il dirige \u00e0 Paris l&rsquo;ensemble vocal masculin \u00a0\u00bb La Sociedad \u00a0\u00bb avec lequel il explore la musique du monde.<\/p>\n<p class=\"standardtext\">Il dirige l&rsquo;Ensemble Choral Georges Migot depuis janvier 2011.<\/p>\n<p><span style=\"border-radius: 2px; text-indent: 20px; width: auto; padding: 0px 4px 0px 0px; text-align: center; font: bold 11px\/20px 'Helvetica Neue',Helvetica,sans-serif; color: #ffffff; background: #bd081c  no-repeat scroll 3px 50% \/ 14px 14px; position: absolute; opacity: 1; z-index: 8675309; display: none; cursor: pointer;\">Enregistrer<\/span><\/p>\n","protected":false},"excerpt":{"rendered":"<p>N\u00e9 \u00e0 Buenos Aires en Argentine, Mauro Fantin a \u00e9t\u00e9 form\u00e9 en Composition et Direction de ch\u0153ur \u00e0 l&rsquo;Universit\u00e9 Catholique d&rsquo;Argentine, dont il a re\u00e7u le Dipl\u00f4me d&rsquo;honneur de chef d&rsquo;orchestre en 2006. Il a \u00e9tudi\u00e9 avec Marta Lambertini, N\u00e9stor &hellip; <a href=\"https:\/\/ecgm.fr\/index.php\/2015\/06\/16\/mauro-fantin\/\">Continuer la lecture <span class=\"meta-nav\">&rarr;<\/span><\/a><\/p>\n","protected":false},"author":1,"featured_media":0,"comment_status":"open","ping_status":"open","sticky":false,"template":"","format":"standard","meta":[],"categories":[5],"tags":[],"_links":{"self":[{"href":"https:\/\/ecgm.fr\/index.php\/wp-json\/wp\/v2\/posts\/29"}],"collection":[{"href":"https:\/\/ecgm.fr\/index.php\/wp-json\/wp\/v2\/posts"}],"about":[{"href":"https:\/\/ecgm.fr\/index.php\/wp-json\/wp\/v2\/types\/post"}],"author":[{"embeddable":true,"href":"https:\/\/ecgm.fr\/index.php\/wp-json\/wp\/v2\/users\/1"}],"replies":[{"embeddable":true,"href":"https:\/\/ecgm.fr\/index.php\/wp-json\/wp\/v2\/comments?post=29"}],"version-history":[{"count":2,"href":"https:\/\/ecgm.fr\/index.php\/wp-json\/wp\/v2\/posts\/29\/revisions"}],"predecessor-version":[{"id":105,"href":"https:\/\/ecgm.fr\/index.php\/wp-json\/wp\/v2\/posts\/29\/revisions\/105"}],"wp:attachment":[{"href":"https:\/\/ecgm.fr\/index.php\/wp-json\/wp\/v2\/media?parent=29"}],"wp:term":[{"taxonomy":"category","embeddable":true,"href":"https:\/\/ecgm.fr\/index.php\/wp-json\/wp\/v2\/categories?post=29"},{"taxonomy":"post_tag","embeddable":true,"href":"https:\/\/ecgm.fr\/index.php\/wp-json\/wp\/v2\/tags?post=29"}],"curies":[{"name":"wp","href":"https:\/\/api.w.org\/{rel}","templated":true}]}}