{"id":395,"date":"2018-09-19T17:16:26","date_gmt":"2018-09-19T15:16:26","guid":{"rendered":"http:\/\/ecgm.fr\/?p=395"},"modified":"2020-10-15T13:45:36","modified_gmt":"2020-10-15T11:45:36","slug":"anne-olivet-chuop","status":"publish","type":"post","link":"https:\/\/ecgm.fr\/index.php\/2018\/09\/19\/anne-olivet-chuop\/","title":{"rendered":"Anne Olivet-Chuop"},"content":{"rendered":"<p>N\u00e9e d&rsquo;une famille de musiciens amateurs, Anne Olivet entre au conservatoire \u00e0 l&rsquo;\u00e2ge de 7 ans et apprend \u00e0 jouer du piano, de la harpe et de l&rsquo;orgue.<\/p>\n<p>De mani\u00e8re g\u00e9n\u00e9rale, elle s&rsquo;int\u00e9resse \u00e0 tous les instruments de musique. En jouant avec les membres de sa famille et ses amis, elle d\u00e9veloppe naturellement un go\u00fbt prononc\u00e9 pour l&rsquo;accompagnement, la musique de chambre et le chant polyphonique.<\/p>\n<p>En 2014 elle int\u00e8gre le Conservatoire R\u00e9gional de Tours en piano et se passionne pour l&rsquo;\u00e9criture dans la classe d&rsquo;Anne Aubert. Elle s&rsquo;initie au chant lyrique et \u00e0 la basse continue au clavecin.<\/p>\n<p>En juin 2017 elle obtient un CEM en harmonie et contrepoint, en piano et musique de chambre, un DEM de formation musicale, ainsi qu&rsquo;une licence en musicologie \u00e0 l&rsquo;universit\u00e9 de Tours.<\/p>\n<p>En octobre 2017 elle entre au Conservatoire R\u00e9gional de Paris en \u00e9criture et y \u00e9tudie en parall\u00e8le la direction de choeur, l&rsquo;analyse et l&rsquo;orchestration. Elle accompagne r\u00e9guli\u00e8rement au piano des chanteurs, musiciens et choeurs lors de concerts.<\/p>\n<p>Depuis 2013 elle compose r\u00e9guli\u00e8rement pour la communaut\u00e9 Saint Jean, puis se voit confier la direction du Camp Musique pour leur festival d&rsquo;\u00e9t\u00e9.<\/p>\n<p>Depuis septembre 2018, elle dirige l&rsquo;Ensemble Choral Georges Migot.<\/p>\n","protected":false},"excerpt":{"rendered":"<p>N\u00e9e d&rsquo;une famille de musiciens amateurs, Anne Olivet entre au conservatoire \u00e0 l&rsquo;\u00e2ge de 7 ans et apprend \u00e0 jouer du piano, de la harpe et de l&rsquo;orgue. De mani\u00e8re g\u00e9n\u00e9rale, elle s&rsquo;int\u00e9resse \u00e0 tous les instruments de musique. En &hellip; <a href=\"https:\/\/ecgm.fr\/index.php\/2018\/09\/19\/anne-olivet-chuop\/\">Continuer la lecture <span class=\"meta-nav\">&rarr;<\/span><\/a><\/p>\n","protected":false},"author":1,"featured_media":0,"comment_status":"open","ping_status":"open","sticky":false,"template":"","format":"standard","meta":[],"categories":[5,3],"tags":[],"_links":{"self":[{"href":"https:\/\/ecgm.fr\/index.php\/wp-json\/wp\/v2\/posts\/395"}],"collection":[{"href":"https:\/\/ecgm.fr\/index.php\/wp-json\/wp\/v2\/posts"}],"about":[{"href":"https:\/\/ecgm.fr\/index.php\/wp-json\/wp\/v2\/types\/post"}],"author":[{"embeddable":true,"href":"https:\/\/ecgm.fr\/index.php\/wp-json\/wp\/v2\/users\/1"}],"replies":[{"embeddable":true,"href":"https:\/\/ecgm.fr\/index.php\/wp-json\/wp\/v2\/comments?post=395"}],"version-history":[{"count":1,"href":"https:\/\/ecgm.fr\/index.php\/wp-json\/wp\/v2\/posts\/395\/revisions"}],"predecessor-version":[{"id":396,"href":"https:\/\/ecgm.fr\/index.php\/wp-json\/wp\/v2\/posts\/395\/revisions\/396"}],"wp:attachment":[{"href":"https:\/\/ecgm.fr\/index.php\/wp-json\/wp\/v2\/media?parent=395"}],"wp:term":[{"taxonomy":"category","embeddable":true,"href":"https:\/\/ecgm.fr\/index.php\/wp-json\/wp\/v2\/categories?post=395"},{"taxonomy":"post_tag","embeddable":true,"href":"https:\/\/ecgm.fr\/index.php\/wp-json\/wp\/v2\/tags?post=395"}],"curies":[{"name":"wp","href":"https:\/\/api.w.org\/{rel}","templated":true}]}}