{"id":498,"date":"2023-09-08T13:52:09","date_gmt":"2023-09-08T11:52:09","guid":{"rendered":"https:\/\/ecgm.fr\/?p=498"},"modified":"2023-09-08T14:06:41","modified_gmt":"2023-09-08T12:06:41","slug":"recrutement-2023-2024","status":"publish","type":"post","link":"https:\/\/ecgm.fr\/index.php\/2023\/09\/08\/recrutement-2023-2024\/","title":{"rendered":"recrutement 2023-2024"},"content":{"rendered":"\n<p><\/p>\n\n\n<p>Apr\u00e8s la tr\u00eave estivale, la chorale reprend son rythme et le chef de ch\u0153ur Bishoy s&rsquo;interroge sur le programme \u00e0 venir ; quel r\u00e9pertoire et quelles \u00e9ch\u00e9ances tenir ?<\/p>\n<p>Une r\u00e9union de bureau est l&rsquo;occasion de d\u00e9battre sur les d\u00e9penses \u00e0 venir et le choix des \u0153uvres qui conviendraient au plus grand nombre.<\/p>\n<p>Le bureau rejette l&rsquo;id\u00e9e de chanter la messe en sol de Franz Schubert cette ann\u00e9e , car cela implique de r\u00e9mun\u00e9rer des solistes et instrumentistes.<\/p>\n<p>Nous souhaitons travailler des \u0153uvres plus courtes : air d&rsquo;op\u00e9ra, extrait de messe, gospel, chanson traditionnelle fran\u00e7aise,&#8230;<\/p>\n<p>L&rsquo;actualit\u00e9 est de pr\u00e9parer le forum des associations qui a lieu dans le parc Raspail samedi 9 septembre et la m\u00e9t\u00e9o pr\u00e9voit un temps tr\u00e8s ensoleill\u00e9 avec une temp\u00e9rature \u00e9lev\u00e9e.<\/p>\n<p>Nous donnons rendez-vous au stand de la chorale ECGM \u00e0 partir de 10h30.<\/p>\n<p>La rentr\u00e9e est fix\u00e9e au lundi 11 septembre au CSC Lamartine avec, nous l&rsquo;esp\u00e9rons, des nouveaux choristes (tous pupitres).&nbsp; &nbsp; &nbsp;<\/p>","protected":false},"excerpt":{"rendered":"<p>Apr\u00e8s la tr\u00eave estivale, la chorale reprend son rythme et le chef de ch\u0153ur Bishoy s&rsquo;interroge sur le programme \u00e0 venir ; quel r\u00e9pertoire et quelles \u00e9ch\u00e9ances tenir ? Une r\u00e9union de bureau est l&rsquo;occasion de d\u00e9battre sur les d\u00e9penses &hellip; <a href=\"https:\/\/ecgm.fr\/index.php\/2023\/09\/08\/recrutement-2023-2024\/\">Continuer la lecture <span class=\"meta-nav\">&rarr;<\/span><\/a><\/p>\n","protected":false},"author":1,"featured_media":0,"comment_status":"open","ping_status":"open","sticky":false,"template":"","format":"standard","meta":[],"categories":[6,3],"tags":[],"_links":{"self":[{"href":"https:\/\/ecgm.fr\/index.php\/wp-json\/wp\/v2\/posts\/498"}],"collection":[{"href":"https:\/\/ecgm.fr\/index.php\/wp-json\/wp\/v2\/posts"}],"about":[{"href":"https:\/\/ecgm.fr\/index.php\/wp-json\/wp\/v2\/types\/post"}],"author":[{"embeddable":true,"href":"https:\/\/ecgm.fr\/index.php\/wp-json\/wp\/v2\/users\/1"}],"replies":[{"embeddable":true,"href":"https:\/\/ecgm.fr\/index.php\/wp-json\/wp\/v2\/comments?post=498"}],"version-history":[{"count":2,"href":"https:\/\/ecgm.fr\/index.php\/wp-json\/wp\/v2\/posts\/498\/revisions"}],"predecessor-version":[{"id":502,"href":"https:\/\/ecgm.fr\/index.php\/wp-json\/wp\/v2\/posts\/498\/revisions\/502"}],"wp:attachment":[{"href":"https:\/\/ecgm.fr\/index.php\/wp-json\/wp\/v2\/media?parent=498"}],"wp:term":[{"taxonomy":"category","embeddable":true,"href":"https:\/\/ecgm.fr\/index.php\/wp-json\/wp\/v2\/categories?post=498"},{"taxonomy":"post_tag","embeddable":true,"href":"https:\/\/ecgm.fr\/index.php\/wp-json\/wp\/v2\/tags?post=498"}],"curies":[{"name":"wp","href":"https:\/\/api.w.org\/{rel}","templated":true}]}}